{"id":4633,"date":"2010-08-15T06:04:52","date_gmt":"2010-08-15T14:04:52","guid":{"rendered":"http:\/\/www.cogwriter.com\/news\/?p=4633"},"modified":"2010-09-01T11:21:46","modified_gmt":"2010-09-01T19:21:46","slug":"heranca-judaica-do-brasil","status":"publish","type":"post","link":"https:\/\/www.cogwriter.com\/news\/cog-news\/heranca-judaica-do-brasil\/","title":{"rendered":"heran\u00e7a judaica do Brasil"},"content":{"rendered":"<p style=\"text-align: center;\"><img loading=\"lazy\" decoding=\"async\" class=\"alignnone\" src=\"https:\/\/www.cogwriter.com\/brazil.jpg\" alt=\"\" width=\"220\" height=\"223\" \/><\/p>\n<p><a href=\"https:\/\/www.cogwriter.com\/cogwriter.htm\">COGwriter<\/a><\/p>\n<p><span id=\"result_box\"><span style=\"background-color: #ffffff;\">Um leitor n\u00e3o sei me enviou o seguinte artigo n\u00e3o solicitadas. <\/span><span style=\"background-color: #ffffff;\">E  enquanto eu n\u00e3o classificar os crist\u00e3os do mundo como sendo verdadeiros  crist\u00e3os, nem o &#8220;Santo Of\u00edcio&#8221;, como santo, e n\u00e3o sei se alguns dos 12  mil da tribo de Jud\u00e1, vir\u00e1 do Brasil (embora alguns podem, como o artigo  sugere),eu <\/span><span>pensei que este artigo seria  interessante para os leitores brasileiros e outros como Brasil,  normalmente \u00e9 visto como um todo &#8220;na\u00e7\u00e3o cat\u00f3lica&#8221;<\/span><\/span><span id=\"result_box\"><span style=\"background-color: #ffffff;\" title=\"Brazil is viewed as an entirely &amp;quot;Catholic&amp;quot; nation.\" onmouseover=\"this.style.backgroundColor='#ebeff9'\" onmouseout=\"this.style.backgroundColor='#fff'\">:<\/span><\/span><\/p>\n<blockquote><p><span style=\"font-family: Arial; font-size: 10.5pt;\">Nesse artigo, eu planejo dar  v\u00e1rios argumentos comprovados que mostram que parte dos brasileiros tem  ascend\u00eancia judaica. Os fatos mencionados aqui podem ser desconhecidos para  muitos, mas eles s\u00e3o historicamente verdadeiros e podem ser provados. Por\u00e9m, o  percentual da popula\u00e7\u00e3o brasileira que descende dos judeus \u00e9 alvo de discuss\u00e3o.  Algumas fontes indicam que, pelos menos, 1\/10 (um d\u00e9cimo) da popula\u00e7\u00e3o no Brasil  hoje t\u00eam ascend\u00eancia judaica; outras diriam 45% ou at\u00e9 mesmo  50-60%.<\/span><\/p>\n<p><span style=\"font-family: Arial; font-size: 10.5pt;\">Brasileiros descendem  principalmente dos portugueses (que colonizaram o pa\u00eds), os africanos (antigos  escravos) e dos \u00edndios.<\/span><\/p>\n<p><span style=\"font-family: Arial; font-size: 10.5pt;\">Ent\u00e3o, como os judeus chegaram ao  Brasil?<\/span><\/p>\n<p><span style=\"font-family: Arial; font-size: 10.5pt;\">Os judeus chamavam a Pen\u00ednsula  Ib\u00e9rica \u201cSafarade\u201d (Obadias v. 20). Tem havido judeus na Pen\u00ednsula Ib\u00e9rica desde  tempos remotos. Se voc\u00ea procurar por T\u00e1rsis num mapa b\u00edblico, ver\u00e1 que ela era  localizada na Pen\u00ednsula Ib\u00e9rica. A B\u00edblia faz refer\u00eancia a T\u00e1rsis em alguns  vers\u00edculos (2 Cr. 9:21, 20:36; Sl. 48:7, 72:10; Is. 23:14; Jo. 1:3). O termo  hebraico para \u201chebreu\u201d \u00e9 \u201civri\u201d e \u00e9 dito que os judeus deram a Safarade o nome  de \u201cIveria\u201d, que, de acordo com um site judeu, significa \u201co lugar dos hebreus\u201d  (note a semelhan\u00e7a com \u201cIb\u00e9ria\u201d).<\/span><\/p>\n<p><span style=\"font-family: Arial; font-size: 10.5pt;\">Em 1492, a Rainha Isabel I de  Castela e Rei Fernando II de Arag\u00e3o expulsaram da Espanha todos os judeus  espanh\u00f3is que se recusaram a se converter ao catolicismo (os convertidos eram  chamados marranos, conversos ou crist\u00e3os-novos), muitos dos quais (cerca de  60.000) fugiram para Portugal, onde puderam praticar sua religi\u00e3o livremente for  alguns anos. Em 1497, uma lei entrou em vigor em Portugal que exigia a expuls\u00e3o  da comunidade judaica do pa\u00eds. Temendo deixar tanta gente (e dinheiro) partir,  Dom Manuel (Rei de Portugal) exigiu a convers\u00e3o de todos os judeus ao  catolicismo num per\u00edodo de 10 meses \u2013 se n\u00e3o o fizessem, eles teriam que deixar  Portugal e suas col\u00f4nias ultramarinas. Em abril de 1499, uma lei entrou em vigor  que proibia todos os crist\u00e3os-novos de deixarem o pa\u00eds. <\/span><span style=\"font-family: Arial; font-size: 10.5pt;\" lang=\"EN-US\">[pt.wikipedia.org\/cristao-novo]<\/span><\/p>\n<p><span style=\"font-family: Arial; font-size: 10.5pt;\">O Brasil foi uma col\u00f4nia  portuguesa do s\u00e9culo 16 ao 19. Os judeus chegaram aos Brasil em 1500 (ano de sua  descoberta) nos primeiros barcos a chegar ao pa\u00eds. Houve tempos nos quais eles  puderam praticar sua religi\u00e3o livremente, mas o Santo Of\u00edcio visitou o Brasil 2  vezes (<\/span><span style=\"font-family: Arial; font-size: 10pt;\">1591-95<\/span><span style=\"font-family: Arial; font-size: 10.5pt;\">\/<\/span><span style=\"font-family: Arial; font-size: 10pt;\">1618<\/span><span style=\"font-family: Arial; font-size: 10.5pt;\">) buscando qualquer tra\u00e7o de  Cripto-juda\u00edsmo (judeus que praticavam suas cren\u00e7as judaicas secretamente,  fingindo que n\u00e3o o faziam). Eles eram for\u00e7adas a ser batizados e receber nomes e  sobrenomes portugueses (os mais comuns entre eles sendo Rodrigues e  Nunes).<\/span><\/p>\n<p><span style=\"font-family: Arial; font-size: 10.5pt;\">\u201cNos primeiros 250 anos da nossa  hist\u00f3ria formal a presen\u00e7a judaica, embora expressiva, manteve-se na  clandestinidade por for\u00e7a dos editos de expuls\u00e3o em Portugal (1496-1497) e da  viol\u00eancia da Inquisi\u00e7\u00e3o&#8230;<\/span><\/p>\n<p>Paradoxalmente, o fim da discrimina\u00e7\u00e3o contra  os crist\u00e3os novos (1773) e a diminui\u00e7\u00e3o do \u00edmpeto inquisitorial fizeram  desaparecer da vida brasileira quaisquer tra\u00e7os judaicos.\u201d (Morash\u00e1, edi\u00e7\u00e3o 26,  1999, \u201cA Presen\u00e7a Judaica no Brasil\u201d)<\/p>\n<p><span style=\"font-family: Arial; font-size: 10.5pt;\"><br \/>\nUma edi\u00e7\u00e3o de Julho de 2008 da  revista Morash\u00e1 continha um artigo intitulado (Origens Judaicas do Povo  Brasileiro) de Rachel Mizrahi. Ela escreveu: \u201cNenhum pa\u00eds das Am\u00e9ricas tem  hist\u00f3ria t\u00e3o marcada pela presen\u00e7a do povo judeu como o  Brasil.\u201d<\/span><\/p>\n<p><span style=\"font-family: Arial; font-size: 10.5pt;\">Ela continua: \u201cApesar das  proibi\u00e7\u00f5es legais, grande n\u00famero de crist\u00e3os novos buscou as possess\u00f5es  americanas. No Brasil, podiam ser encontrados em todas as capitanias,  posicionados em diversas ocupa\u00e7\u00f5es&#8230;\u201d<\/span><\/p>\n<p><span style=\"font-family: Arial; font-size: 10.5pt;\"> Anita Novinsky (escritora  especializada no assunto da hist\u00f3ria judaica no Brasil) escreveu na p\u00e1gina 67 do  seu livro \u201cCrist\u00e3os-Novos na Bahia) que de 10 a 20% da popula\u00e7\u00e3o branca de  Salvador (capital da col\u00f4nia e principal porto) tinham ascend\u00eancia  judaica.<\/span><\/p>\n<p><span style=\"font-family: Arial; font-size: 10.5pt;\">Um artigo intitulado \u201cA Comunidade  Judaica na Bahia\u201d pela historiadora Esther Regina Largman em <a title=\"http:\/\/www.morasha.com\/\" href=\"http:\/\/www.morasha.com\/\">www.morasha.com<\/a> (Revista Judaica Ortodoxa \u2013 edi\u00e7\u00e3o 36, mar\u00e7o 2002) revela os seguintes  coment\u00e1rios: \u201cA mem\u00f3ria e hist\u00f3ria dos imigrantes, antes mergulhadas na apatia e  desinteresse, est\u00e3o sendo resgatadas por novos estudos. Personagens que numa  vinda temer\u00e1ria atravessaram um oceano, deixando para tr\u00e1s sua l\u00edngua, seus  h\u00e1bitos, seu cotidiano e at\u00e9 a pr\u00f3pria fam\u00edlia&#8230; Os r\u00e9us dos tribunais da  Inquisi\u00e7\u00e3o s\u00e3o testemunhos preciosos. Quando a Carta de Lei, de 25\/05\/1773 do  Marqu\u00eas de Pombal decretou a distin\u00e7\u00e3o entre crist\u00e3os-novos e velhos, no reinado  de D. Jos\u00e9 II, os remanescentes j\u00e1 haviam esquecido suas origens \u2013 pois  haviam-se tornado bons cat\u00f3licos&#8230;\u201d<\/span><\/p>\n<p><span style=\"font-family: Arial; font-size: 10.5pt;\"> Um viajante franc\u00eas chamado  Fran\u00e7ois Froger foi ao Rio de Janeiro em 1695 e disse que, pelo menos, \u00be (tr\u00eas  quartos) da sua popula\u00e7\u00e3o era de origem judaica [1].<\/span><\/p>\n<p><span style=\"font-family: Arial; font-size: 10.5pt;\">66% dos casamentos entre 1670 e  1720 no Rio de Janeiro foram entre crist\u00e3os-novos.<\/span><\/p>\n<p><span style=\"font-family: Arial; font-size: 10.5pt;\">No s\u00e9culo 18, os judeus (marranos)  constitu\u00edam aproximadamente de 15 a 20% da popula\u00e7\u00e3o na Bahia, Rio de Janeiro e  Minas Gerias [2], enquanto metade da popula\u00e7\u00e3o branca na Para\u00edba tamb\u00e9m era de  origem judaica [3]. Essas estat\u00edsticas n\u00e3o incluem os crist\u00e3os-novos brasileiros  que nunca foram perseguidos ou presos (pois os n\u00fameros s\u00e3o contados baseados em  documentos hist\u00f3ricos inquisitoriais do Santo Of\u00edcio).<\/span><\/p>\n<p><span style=\"font-family: Arial; font-size: 10.5pt;\">Os holandeses invadiram o Brasil  em 1624 e governaram principalmente sobre Pernambuco at\u00e9 1654. Eles trouxeram  consigo muitos marranos e muitos outros vieram de outras partes da col\u00f4nia para  Pernambuco, onde tiveram relativa liberdade religiosa. Eles chegaram a construir  uma sinagoga (que mais tarde foi desativada pelos espanh\u00f3is quando eles tomaram  o territ\u00f3rio). Durante a \u201cocupa\u00e7\u00e3o holandesa\u201d, havia mais judeus em Recife  (capital de Pernambuco) do que em Amsterd\u00e3 [4].<\/span><\/p>\n<p><span style=\"font-family: Arial; font-size: 10.5pt;\">Veja esse interessante artigo do  site Jewish Encyclopaedia (tradu\u00e7\u00e3o minha):<\/span><\/p>\n<p><span style=\"font-family: Arial; font-size: 10.5pt;\">\u201cEm 1610, os m\u00e9dicos da Bahia j\u00e1  eram mencionados, que s\u00e3o descritos como sendo crist\u00e3os-novos em sua maioria,  que prescreviam carne de porco para que diminuir suspeitas e acusa\u00e7\u00f5es de  \u201cjudaizar\u201d. Pyrard, o historiador que visitou o lugar em 1610, declara que havia  um rumor na \u00e9poca que o rei da Espanha \u2018deseja estabelecer a Inquisi\u00e7\u00e3o aqui,  pelo qual os judeus est\u00e3o muito atemorizados. \u2019<\/span><\/p>\n<p><span style=\"font-family: Arial; font-size: 10.5pt;\">Se as pessoas a quem Pyrard se  referiu eram observadores da f\u00e9 judaica \u00e9 um quest\u00e3o duvidosa; ele provavelmente  se referia a pessoas da ra\u00e7a judaica. \u00c9 certo que a profiss\u00e3o aberta do juda\u00edsmo  n\u00e3o era tolerada naquele tempo.<\/span><\/p>\n<p><span style=\"font-family: Arial; font-size: 10.5pt;\"><span> <\/span>Os princ\u00edpios da  historia dos judeus na Bahia, como em outras partes do Brasil, est\u00e3o embaladas  em obscuridade, principalmente pela raz\u00e3o de que os primeiros colonizadores  judeus eram marranos ou crist\u00e3os-novos. Eles tinham deixado Portugal, quando  ficou muito dif\u00edcil para eles continuar l\u00e1 por causa da vigil\u00e2ncia extrema da  Inquisi\u00e7\u00e3o.<\/span><\/p>\n<p><span style=\"font-family: Arial; font-size: 10.5pt;\">Apesar da Inquisi\u00e7\u00e3o nunca ter  sido estabelecida no Brasil, os seus agentes estavam l\u00e1 quase que do pr\u00f3prio  in\u00edcio e, em um tenro per\u00edodo, os crist\u00e3os-novos eram mandados de volta \u00e0 Europa  para enfrentar julgamentos ante ao Santo Of\u00edcio. Por isso, logo tornou-se  necess\u00e1rio aos marranos no Novo Mundo que eles colocassem a m\u00e1scara como tinham  feito em sua terra nativa. Geralmente, eles mantinham seu juda\u00edsmo em segredo,  especialmente na Bahia, pois a cidade logo se tornou o assento dos jesu\u00edtas e o  lugar mais cat\u00f3lico da col\u00f4nia, contendo mais de 62 igrejas no in\u00edcio do s\u00e9culo  17.<\/span><\/p>\n<p><span style=\"font-family: Arial; font-size: 10.5pt;\">Os judeus secretos na Bahia  parecem ter sido muito numerosos no in\u00edcio do s\u00e9culo 17. In 1618, Dom Luiz De  Sousa foi especialmente responsabilizado pela Inquisi\u00e7\u00e3o de enviar a de volta [a  Portugal] uma lista de todos os crist\u00e3os-novos no Brasil, com informa\u00e7\u00f5es bem  exatas que poderia ser obtida de sua propriedade e moradia. Eles estavam entre  os habitantes mais ricos da Bahia, alguns dos quais valiam de 60.000 a 100.000  crusados. \u2018Mas,\u2019 observa os historiador, \u2018eles eram desprezados pelos  compatriotas preconceituosos e corriam o constante perigo de perder sua  propriedade atrav\u00e9s de agentes do Santo Of\u00edcio.\u2019<\/span><\/p>\n<p><span style=\"font-family: Arial; font-size: 10.5pt;\">Nesse per\u00edodo os holandeses  iniciaram seus esquemas ambiciosos pela conquista do Brasil. Em conex\u00e3o com as  primeiras intrigas, men\u00e7\u00e3o especial \u00e9 feita a um Francisco Ribieiro, um capit\u00e3o  portugu\u00eas estacionado pr\u00f3ximo a Bahia que \u00e9 descrito como tendo parentes  judeus<span> <\/span>na Holanda.<\/span><\/p>\n<p><span style=\"font-family: Arial; font-size: 10.5pt;\">Foi somente quando grande  perturba\u00e7\u00e3o aconteceu ou quando algum poder protestante se levante no Brasil que  a popula\u00e7\u00e3o judaica apareceu distintivamente como judeus. Em tais ocasi\u00f5es, os  crist\u00e3os-novos tiravam a m\u00e1scara, se juntavam ao libertador, e proclamavam  abertamente sua ader\u00eancia \u00e0 cren\u00e7a anci\u00e3. Enquanto centenas de outros judeus  secretos tinham vivido na Bahia quase que desde sua funda\u00e7\u00e3o, s\u00f3 apenas no  per\u00edodo da invas\u00e3o holandesa que eles aparecem como aderentes da f\u00e9 judaica. A  guerra holandesa veio a eles como al\u00edvio, pois ela, apenas, preveniu a  introdu\u00e7\u00e3o da Inquisi\u00e7\u00e3o\u201d<\/span><\/p>\n<p><span style=\"font-family: Arial; font-size: 10.5pt;\">\u201c&#8230; os crist\u00e3os-novos foram  finalmente absorvidos na popula\u00e7\u00e3o cat\u00f3lica do Brasil.<\/span><\/p>\n<p><span style=\"font-family: Arial; font-size: 10.5pt;\">Depois de 1765, e por todo s\u00e9culo  19, judeus n\u00e3o s\u00e3o mencionados como uma classe na Bahia.\u201d<\/span><\/p>\n<p><span style=\"font-family: Arial; font-size: 10.5pt;\">Eu vivo na Bahia e posso dizer que  h\u00e1 lugares com nomes sugestivos, como Nova Cana\u00e3 e outros nomes de lugares que  se referem \u00e0 terra de Cana\u00e3 e aos crist\u00e3os-novos.<\/span><\/p>\n<p><span style=\"font-family: Arial; font-size: 10.5pt;\">Ent\u00e3o, os brasileiros s\u00e3o  parcialmente de origem judaica. Diz-se que os descendentes do Rei Davi habitam  essa terra. Esses fatos n\u00e3o s\u00e3o muito bem conhecidos. Eles s\u00e3o suprimidos e h\u00e1  um pouco de especula\u00e7\u00e3o sobre eles. Por\u00e9m, a ascend\u00eancia judaica brasileira \u00e9  uma verdade que n\u00e3o pode ser negada. Esse assunto tem cada vez mais aumentando o  interesse de muitos brasileiros de olhar para a hist\u00f3ria de suas fam\u00edlias para  encontrar qualquer evid\u00eancia de suas reais origens e  hist\u00f3ricos.<\/span><\/p>\n<p><span style=\"font-family: Arial; font-size: 10.5pt;\">A B\u00edblia menciona 12.000 fi\u00e9is  descendentes de Jud\u00e1 no fim (Ap. 12). N\u00e3o seria de se admirar que alguns deles  viessem do Brasil.<\/span><\/p>\n<p style=\"margin: 0cm 0cm 0pt;\"><span style=\"font-family: Arial; font-size: 10.5pt;\">[1] <\/span><span style=\"font-family: Arial; font-size: 10pt;\">Fran\u00e7ois Froger <em><span style=\"font-family: Arial;\">R\u00e9lation d\u00b4um Voyage fait em 1695, 1696 et 1697 aux  cotes d\u00b4Afrique, detroit de Magellan, Bresil, Cayenne et Isles Antilles par une  esquadre des vasseaux du Roi, command\u00e9e par M. de Gennes faite par l\u00ea Sieur  Froger , Ingenieur volontaire sur le vaisseau le Faucon Anglois<\/span><\/em>.  Amsterdam, chez les heritiers d\u00b4Antoine Schelte, MDCXCIX, p74-75<\/span><\/p>\n<p style=\"margin: 0cm 0cm 0pt;\"><span style=\"font-family: Arial; font-size: 10.5pt;\">[2] Ferreira, Lina G., Her\u00e9ticos e  Impuros; Novinsky Anita, Crist\u00e3os-Novos.<\/span><\/p>\n<p style=\"margin: 0cm 0cm 0pt;\"><span style=\"font-family: Arial; font-size: 10.5pt;\">[3] Maximiano Lopes  Machado,Historia da Provincia da Paraiba,Edt.Universitaria,  ,2\u00b0ed.,Ed.Universiddade Federal da Para\u00edba<\/span><\/p>\n<p><span style=\"font-family: Arial; font-size: 10.5pt;\" lang=\"EN-US\">[4] Wiznitzer,  Arnold , Jews in Colonial Brazil  , ed. <\/span><span style=\"font-family: Arial; font-size: 10.5pt;\">Pioneira,  S.Paulo, 1966.<\/span><\/p><\/blockquote>\n<p><span id=\"result_box\"><span>Como relatado anteriormente, <a href=\"https:\/\/www.cogwriter.com\/cg7.htm\">CG7 <\/a>afirma ter 1.000 congrega\u00e7\u00f5es no Brasil<\/span><\/span><span id=\"result_box\"><span> (<\/span><\/span><a title=\"Permanent Link to CG7 in South America, 1000 Congregations in Brazil\" rel=\"bookmark\" href=\"\/news\/cog-news\/cg7-in-south-america-1000-congregations-in-brazil\/\">CG7 in South America, 1000 Congregations in Brazil<\/a><span id=\"result_box\"><span>). <\/span><\/span><span id=\"result_box\"><span>B\u00edblia  Fundo de <\/span><\/span><span id=\"result_box\"><span>Graham Davies <\/span><\/span><span id=\"result_box\"><span>tamb\u00e9m mant\u00e9m contato com alguns observador do s\u00e1bado no Brasil<\/span><\/span><span id=\"result_box\"><span style=\"background-color: #ffffff;\">. <\/span><\/span><span id=\"result_box\"><span style=\"background-color: #ffffff;\" title=\"UCG had (or used to have) a few congregations in Brazil.\" onmouseover=\"this.style.backgroundColor='#ebeff9'\" onmouseout=\"this.style.backgroundColor='#fff'\"><a href=\"https:\/\/www.cogwriter.com\/ucg.htm\">UCG<\/a> tinha (ou costumava ter) a poucas congrega\u00e7\u00f5es no Brasil. <\/span><span style=\"background-color: #ffffff;\" title=\"The Living Church of God (LCG) has at least one congregation in Brazil.\" onmouseover=\"this.style.backgroundColor='#ebeff9'\" onmouseout=\"this.style.backgroundColor='#fff'\">A <a href=\"https:\/\/www.cogwriter.com\/ylcg.htm\">igreja viva de Deus<\/a> (LCG) tem pelo menos uma congrega\u00e7\u00e3o no Brasil.<\/span><\/span><br \/>\n<span id=\"result_box\"><span style=\"background-color: #ffffff;\"> <em><br \/>\n<\/em><\/span><em><span style=\"background-color: #ffffff;\">Dois artigos de informa\u00e7\u00e3o, possivelmente relacionada podem incluir:<\/span><\/em><\/span><\/p>\n<p><a href=\"\/latin-america-in-prophecy-brasil.htm\">Mexico, Central America, South America, and Brazil in Prophecy<\/a> [<a href=\"\/es-america-latina-en-profecia.htm\">Espa\u00f1ol: M\u00e9xico, America Central, Suram\u00e9rica, y el Brasil en profec\u00edal<\/a>] [<a href=\"\/pt-america-latin-na-profecia.htm\">Portugu\u00eas: M\u00e9xico, Am\u00e9rica Central, \u00c1m\u00e9rica do Sul, e Brasil na profecia<\/a>]  What will happen to those of Latin America? Will they have prosperity?  Will they cooperate with Europe? Will they suffer in the future? What  rule might the various Caribbean nations\/territories play?<br \/>\n<a href=\"\/catholic.htm\">Which Is Faithful: The Roman Catholic Church or the Living Church of God?<\/a> Do you know that both groups shared a lot of the earliest teachings? Do  you know which church changed? Do you know which group is most faithful  to the teachings of the apostolic church? Which group best represents  true Christianity? This documented article answers those questions. <a href=\"\/catolica-pt.html\">Portugu\u00eas: Qual \u00e9 fiel: A igreja cat\u00f3lica romana ou a igreja viva do deus?<\/a> Tambien <a href=\"\/catolica-es.htm\">Espa\u00f1ol: Cu\u00e1l es fiel: \u00bfLa iglesia cat\u00f3lica romana o La Iglesia del Dios Viviente?<\/a> Auch: <a href=\"\/katholische.htm\">Deutsch: Welches zuverl\u00e4ssig ist: Die R\u00f6misch-katholische Kirche oder die lebende Kirche von Gott?<\/a><\/p>\n","protected":false},"excerpt":{"rendered":"<p>COGwriter Um leitor n\u00e3o sei me enviou o seguinte artigo n\u00e3o solicitadas. E enquanto eu n\u00e3o classificar os crist\u00e3os do mundo como sendo verdadeiros crist\u00e3os, nem o &#8220;Santo Of\u00edcio&#8221;, como santo, e n\u00e3o sei se alguns dos 12 mil da tribo de Jud\u00e1, vir\u00e1 do Brasil (embora alguns podem, como o artigo sugere),eu pensei que [&hellip;]<\/p>\n","protected":false},"author":1,"featured_media":0,"comment_status":"closed","ping_status":"closed","sticky":false,"template":"","format":"standard","meta":{"footnotes":""},"categories":[6,10],"tags":[],"class_list":["post-4633","post","type-post","status-publish","format-standard","hentry","category-cog-news","category-religious-news"],"aioseo_notices":[],"aioseo_head":"\n\t\t<!-- All in One SEO 4.9.10 - aioseo.com -->\n\t<meta name=\"description\" content=\"COGwriter Um leitor n\u00e3o sei me enviou o seguinte artigo n\u00e3o solicitadas. E enquanto eu n\u00e3o classificar os crist\u00e3os do mundo como sendo verdadeiros crist\u00e3os, nem o &quot;Santo Of\u00edcio&quot;, como santo, e n\u00e3o sei se alguns dos 12 mil da tribo de Jud\u00e1, vir\u00e1 do Brasil (embora alguns podem, como o artigo sugere),eu pensei que\" \/>\n\t<meta name=\"robots\" content=\"max-image-preview:large\" \/>\n\t<meta name=\"author\" content=\"admin\"\/>\n\t<link rel=\"canonical\" href=\"https:\/\/www.cogwriter.com\/news\/cog-news\/heranca-judaica-do-brasil\/\" \/>\n\t<meta name=\"generator\" content=\"All in One SEO (AIOSEO) 4.9.10\" \/>\n\t\t<meta property=\"og:locale\" content=\"en_US\" \/>\n\t\t<meta property=\"og:site_name\" content=\"Church of God News -\" \/>\n\t\t<meta property=\"og:type\" content=\"article\" \/>\n\t\t<meta property=\"og:title\" content=\"heran\u00e7a judaica do Brasil - Church of God News\" \/>\n\t\t<meta property=\"og:description\" content=\"COGwriter Um leitor n\u00e3o sei me enviou o seguinte artigo n\u00e3o solicitadas. E enquanto eu n\u00e3o classificar os crist\u00e3os do mundo como sendo verdadeiros crist\u00e3os, nem o &quot;Santo Of\u00edcio&quot;, como santo, e n\u00e3o sei se alguns dos 12 mil da tribo de Jud\u00e1, vir\u00e1 do Brasil (embora alguns podem, como o artigo sugere),eu pensei que\" \/>\n\t\t<meta property=\"og:url\" content=\"https:\/\/www.cogwriter.com\/news\/cog-news\/heranca-judaica-do-brasil\/\" \/>\n\t\t<meta property=\"article:published_time\" content=\"2010-08-15T14:04:52+00:00\" \/>\n\t\t<meta property=\"article:modified_time\" content=\"2010-09-01T19:21:46+00:00\" \/>\n\t\t<meta name=\"twitter:card\" content=\"summary_large_image\" \/>\n\t\t<meta name=\"twitter:title\" content=\"heran\u00e7a judaica do Brasil - Church of God News\" \/>\n\t\t<meta name=\"twitter:description\" content=\"COGwriter Um leitor n\u00e3o sei me enviou o seguinte artigo n\u00e3o solicitadas. E enquanto eu n\u00e3o classificar os crist\u00e3os do mundo como sendo verdadeiros crist\u00e3os, nem o &quot;Santo Of\u00edcio&quot;, como santo, e n\u00e3o sei se alguns dos 12 mil da tribo de Jud\u00e1, vir\u00e1 do Brasil (embora alguns podem, como o artigo sugere),eu pensei que\" \/>\n\t\t<script type=\"application\/ld+json\" class=\"aioseo-schema\">\n\t\t\t{\"@context\":\"https:\\\/\\\/schema.org\",\"@graph\":[{\"@type\":\"BlogPosting\",\"@id\":\"https:\\\/\\\/www.cogwriter.com\\\/news\\\/cog-news\\\/heranca-judaica-do-brasil\\\/#blogposting\",\"name\":\"heran\\u00e7a judaica do Brasil - Church of God News\",\"headline\":\"heran\\u00e7a judaica do Brasil\",\"author\":{\"@id\":\"https:\\\/\\\/www.cogwriter.com\\\/news\\\/author\\\/admin\\\/#author\"},\"publisher\":{\"@id\":\"https:\\\/\\\/www.cogwriter.com\\\/news\\\/#organization\"},\"image\":{\"@type\":\"ImageObject\",\"url\":\"https:\\\/\\\/www.cogwriter.com\\\/brazil.jpg\",\"@id\":\"https:\\\/\\\/www.cogwriter.com\\\/news\\\/cog-news\\\/heranca-judaica-do-brasil\\\/#articleImage\"},\"datePublished\":\"2010-08-15T06:04:52-07:00\",\"dateModified\":\"2010-09-01T11:21:46-07:00\",\"inLanguage\":\"en-US\",\"mainEntityOfPage\":{\"@id\":\"https:\\\/\\\/www.cogwriter.com\\\/news\\\/cog-news\\\/heranca-judaica-do-brasil\\\/#webpage\"},\"isPartOf\":{\"@id\":\"https:\\\/\\\/www.cogwriter.com\\\/news\\\/cog-news\\\/heranca-judaica-do-brasil\\\/#webpage\"},\"articleSection\":\"COG News, Religious News\"},{\"@type\":\"BreadcrumbList\",\"@id\":\"https:\\\/\\\/www.cogwriter.com\\\/news\\\/cog-news\\\/heranca-judaica-do-brasil\\\/#breadcrumblist\",\"itemListElement\":[{\"@type\":\"ListItem\",\"@id\":\"https:\\\/\\\/www.cogwriter.com\\\/news#listItem\",\"position\":1,\"name\":\"Home\",\"item\":\"https:\\\/\\\/www.cogwriter.com\\\/news\",\"nextItem\":{\"@type\":\"ListItem\",\"@id\":\"https:\\\/\\\/www.cogwriter.com\\\/news\\\/category\\\/cog-news\\\/#listItem\",\"name\":\"COG News\"}},{\"@type\":\"ListItem\",\"@id\":\"https:\\\/\\\/www.cogwriter.com\\\/news\\\/category\\\/cog-news\\\/#listItem\",\"position\":2,\"name\":\"COG News\",\"item\":\"https:\\\/\\\/www.cogwriter.com\\\/news\\\/category\\\/cog-news\\\/\",\"nextItem\":{\"@type\":\"ListItem\",\"@id\":\"https:\\\/\\\/www.cogwriter.com\\\/news\\\/cog-news\\\/heranca-judaica-do-brasil\\\/#listItem\",\"name\":\"heran\\u00e7a judaica do Brasil\"},\"previousItem\":{\"@type\":\"ListItem\",\"@id\":\"https:\\\/\\\/www.cogwriter.com\\\/news#listItem\",\"name\":\"Home\"}},{\"@type\":\"ListItem\",\"@id\":\"https:\\\/\\\/www.cogwriter.com\\\/news\\\/cog-news\\\/heranca-judaica-do-brasil\\\/#listItem\",\"position\":3,\"name\":\"heran\\u00e7a judaica do Brasil\",\"previousItem\":{\"@type\":\"ListItem\",\"@id\":\"https:\\\/\\\/www.cogwriter.com\\\/news\\\/category\\\/cog-news\\\/#listItem\",\"name\":\"COG News\"}}]},{\"@type\":\"Organization\",\"@id\":\"https:\\\/\\\/www.cogwriter.com\\\/news\\\/#organization\",\"name\":\"Church of God News\",\"url\":\"https:\\\/\\\/www.cogwriter.com\\\/news\\\/\"},{\"@type\":\"Person\",\"@id\":\"https:\\\/\\\/www.cogwriter.com\\\/news\\\/author\\\/admin\\\/#author\",\"url\":\"https:\\\/\\\/www.cogwriter.com\\\/news\\\/author\\\/admin\\\/\",\"name\":\"admin\",\"image\":{\"@type\":\"ImageObject\",\"@id\":\"https:\\\/\\\/www.cogwriter.com\\\/news\\\/cog-news\\\/heranca-judaica-do-brasil\\\/#authorImage\",\"url\":\"https:\\\/\\\/secure.gravatar.com\\\/avatar\\\/802aa3eba4a8359b3444ba449d60002feeffa960081d95b2a24a1be12f3cc81c?s=96&d=mm&r=g\",\"width\":96,\"height\":96,\"caption\":\"admin\"}},{\"@type\":\"WebPage\",\"@id\":\"https:\\\/\\\/www.cogwriter.com\\\/news\\\/cog-news\\\/heranca-judaica-do-brasil\\\/#webpage\",\"url\":\"https:\\\/\\\/www.cogwriter.com\\\/news\\\/cog-news\\\/heranca-judaica-do-brasil\\\/\",\"name\":\"heran\\u00e7a judaica do Brasil - Church of God News\",\"description\":\"COGwriter Um leitor n\\u00e3o sei me enviou o seguinte artigo n\\u00e3o solicitadas. E enquanto eu n\\u00e3o classificar os crist\\u00e3os do mundo como sendo verdadeiros crist\\u00e3os, nem o \\\"Santo Of\\u00edcio\\\", como santo, e n\\u00e3o sei se alguns dos 12 mil da tribo de Jud\\u00e1, vir\\u00e1 do Brasil (embora alguns podem, como o artigo sugere),eu pensei que\",\"inLanguage\":\"en-US\",\"isPartOf\":{\"@id\":\"https:\\\/\\\/www.cogwriter.com\\\/news\\\/#website\"},\"breadcrumb\":{\"@id\":\"https:\\\/\\\/www.cogwriter.com\\\/news\\\/cog-news\\\/heranca-judaica-do-brasil\\\/#breadcrumblist\"},\"author\":{\"@id\":\"https:\\\/\\\/www.cogwriter.com\\\/news\\\/author\\\/admin\\\/#author\"},\"creator\":{\"@id\":\"https:\\\/\\\/www.cogwriter.com\\\/news\\\/author\\\/admin\\\/#author\"},\"datePublished\":\"2010-08-15T06:04:52-07:00\",\"dateModified\":\"2010-09-01T11:21:46-07:00\"},{\"@type\":\"WebSite\",\"@id\":\"https:\\\/\\\/www.cogwriter.com\\\/news\\\/#website\",\"url\":\"https:\\\/\\\/www.cogwriter.com\\\/news\\\/\",\"name\":\"Church of God News\",\"inLanguage\":\"en-US\",\"publisher\":{\"@id\":\"https:\\\/\\\/www.cogwriter.com\\\/news\\\/#organization\"}}]}\n\t\t<\/script>\n\t\t<!-- All in One SEO -->\n\n","aioseo_head_json":{"title":"heran\u00e7a judaica do Brasil - Church of God News","description":"COGwriter Um leitor n\u00e3o sei me enviou o seguinte artigo n\u00e3o solicitadas. E enquanto eu n\u00e3o classificar os crist\u00e3os do mundo como sendo verdadeiros crist\u00e3os, nem o \"Santo Of\u00edcio\", como santo, e n\u00e3o sei se alguns dos 12 mil da tribo de Jud\u00e1, vir\u00e1 do Brasil (embora alguns podem, como o artigo sugere),eu pensei que","canonical_url":"https:\/\/www.cogwriter.com\/news\/cog-news\/heranca-judaica-do-brasil\/","robots":"max-image-preview:large","keywords":"","webmasterTools":{"miscellaneous":""},"schema":{"@context":"https:\/\/schema.org","@graph":[{"@type":"BlogPosting","@id":"https:\/\/www.cogwriter.com\/news\/cog-news\/heranca-judaica-do-brasil\/#blogposting","name":"heran\u00e7a judaica do Brasil - Church of God News","headline":"heran\u00e7a judaica do Brasil","author":{"@id":"https:\/\/www.cogwriter.com\/news\/author\/admin\/#author"},"publisher":{"@id":"https:\/\/www.cogwriter.com\/news\/#organization"},"image":{"@type":"ImageObject","url":"https:\/\/www.cogwriter.com\/brazil.jpg","@id":"https:\/\/www.cogwriter.com\/news\/cog-news\/heranca-judaica-do-brasil\/#articleImage"},"datePublished":"2010-08-15T06:04:52-07:00","dateModified":"2010-09-01T11:21:46-07:00","inLanguage":"en-US","mainEntityOfPage":{"@id":"https:\/\/www.cogwriter.com\/news\/cog-news\/heranca-judaica-do-brasil\/#webpage"},"isPartOf":{"@id":"https:\/\/www.cogwriter.com\/news\/cog-news\/heranca-judaica-do-brasil\/#webpage"},"articleSection":"COG News, Religious News"},{"@type":"BreadcrumbList","@id":"https:\/\/www.cogwriter.com\/news\/cog-news\/heranca-judaica-do-brasil\/#breadcrumblist","itemListElement":[{"@type":"ListItem","@id":"https:\/\/www.cogwriter.com\/news#listItem","position":1,"name":"Home","item":"https:\/\/www.cogwriter.com\/news","nextItem":{"@type":"ListItem","@id":"https:\/\/www.cogwriter.com\/news\/category\/cog-news\/#listItem","name":"COG News"}},{"@type":"ListItem","@id":"https:\/\/www.cogwriter.com\/news\/category\/cog-news\/#listItem","position":2,"name":"COG News","item":"https:\/\/www.cogwriter.com\/news\/category\/cog-news\/","nextItem":{"@type":"ListItem","@id":"https:\/\/www.cogwriter.com\/news\/cog-news\/heranca-judaica-do-brasil\/#listItem","name":"heran\u00e7a judaica do Brasil"},"previousItem":{"@type":"ListItem","@id":"https:\/\/www.cogwriter.com\/news#listItem","name":"Home"}},{"@type":"ListItem","@id":"https:\/\/www.cogwriter.com\/news\/cog-news\/heranca-judaica-do-brasil\/#listItem","position":3,"name":"heran\u00e7a judaica do Brasil","previousItem":{"@type":"ListItem","@id":"https:\/\/www.cogwriter.com\/news\/category\/cog-news\/#listItem","name":"COG News"}}]},{"@type":"Organization","@id":"https:\/\/www.cogwriter.com\/news\/#organization","name":"Church of God News","url":"https:\/\/www.cogwriter.com\/news\/"},{"@type":"Person","@id":"https:\/\/www.cogwriter.com\/news\/author\/admin\/#author","url":"https:\/\/www.cogwriter.com\/news\/author\/admin\/","name":"admin","image":{"@type":"ImageObject","@id":"https:\/\/www.cogwriter.com\/news\/cog-news\/heranca-judaica-do-brasil\/#authorImage","url":"https:\/\/secure.gravatar.com\/avatar\/802aa3eba4a8359b3444ba449d60002feeffa960081d95b2a24a1be12f3cc81c?s=96&d=mm&r=g","width":96,"height":96,"caption":"admin"}},{"@type":"WebPage","@id":"https:\/\/www.cogwriter.com\/news\/cog-news\/heranca-judaica-do-brasil\/#webpage","url":"https:\/\/www.cogwriter.com\/news\/cog-news\/heranca-judaica-do-brasil\/","name":"heran\u00e7a judaica do Brasil - Church of God News","description":"COGwriter Um leitor n\u00e3o sei me enviou o seguinte artigo n\u00e3o solicitadas. E enquanto eu n\u00e3o classificar os crist\u00e3os do mundo como sendo verdadeiros crist\u00e3os, nem o \"Santo Of\u00edcio\", como santo, e n\u00e3o sei se alguns dos 12 mil da tribo de Jud\u00e1, vir\u00e1 do Brasil (embora alguns podem, como o artigo sugere),eu pensei que","inLanguage":"en-US","isPartOf":{"@id":"https:\/\/www.cogwriter.com\/news\/#website"},"breadcrumb":{"@id":"https:\/\/www.cogwriter.com\/news\/cog-news\/heranca-judaica-do-brasil\/#breadcrumblist"},"author":{"@id":"https:\/\/www.cogwriter.com\/news\/author\/admin\/#author"},"creator":{"@id":"https:\/\/www.cogwriter.com\/news\/author\/admin\/#author"},"datePublished":"2010-08-15T06:04:52-07:00","dateModified":"2010-09-01T11:21:46-07:00"},{"@type":"WebSite","@id":"https:\/\/www.cogwriter.com\/news\/#website","url":"https:\/\/www.cogwriter.com\/news\/","name":"Church of God News","inLanguage":"en-US","publisher":{"@id":"https:\/\/www.cogwriter.com\/news\/#organization"}}]},"og:locale":"en_US","og:site_name":"Church of God News -","og:type":"article","og:title":"heran\u00e7a judaica do Brasil - Church of God News","og:description":"COGwriter Um leitor n\u00e3o sei me enviou o seguinte artigo n\u00e3o solicitadas. E enquanto eu n\u00e3o classificar os crist\u00e3os do mundo como sendo verdadeiros crist\u00e3os, nem o &quot;Santo Of\u00edcio&quot;, como santo, e n\u00e3o sei se alguns dos 12 mil da tribo de Jud\u00e1, vir\u00e1 do Brasil (embora alguns podem, como o artigo sugere),eu pensei que","og:url":"https:\/\/www.cogwriter.com\/news\/cog-news\/heranca-judaica-do-brasil\/","article:published_time":"2010-08-15T14:04:52+00:00","article:modified_time":"2010-09-01T19:21:46+00:00","twitter:card":"summary_large_image","twitter:title":"heran\u00e7a judaica do Brasil - Church of God News","twitter:description":"COGwriter Um leitor n\u00e3o sei me enviou o seguinte artigo n\u00e3o solicitadas. E enquanto eu n\u00e3o classificar os crist\u00e3os do mundo como sendo verdadeiros crist\u00e3os, nem o &quot;Santo Of\u00edcio&quot;, como santo, e n\u00e3o sei se alguns dos 12 mil da tribo de Jud\u00e1, vir\u00e1 do Brasil (embora alguns podem, como o artigo sugere),eu pensei que"},"aioseo_meta_data":{"post_id":"4633","title":null,"description":null,"keywords":null,"keyphrases":null,"primary_term":null,"canonical_url":null,"og_title":null,"og_description":null,"og_object_type":"default","og_image_type":"default","og_image_url":null,"og_image_width":null,"og_image_height":null,"og_image_custom_url":null,"og_image_custom_fields":null,"og_video":null,"og_custom_url":null,"og_article_section":null,"og_article_tags":null,"twitter_use_og":false,"twitter_card":"default","twitter_image_type":"default","twitter_image_url":null,"twitter_image_custom_url":null,"twitter_image_custom_fields":null,"twitter_title":null,"twitter_description":null,"schema":{"blockGraphs":[],"customGraphs":[],"default":{"data":{"Article":[],"Course":[],"Dataset":[],"FAQPage":[],"Movie":[],"Person":[],"Product":[],"ProductReview":[],"Car":[],"Recipe":[],"Service":[],"SoftwareApplication":[],"WebPage":[]},"graphName":"","isEnabled":true},"graphs":[]},"schema_type":"default","schema_type_options":null,"pillar_content":false,"robots_default":true,"robots_noindex":false,"robots_noarchive":false,"robots_nosnippet":false,"robots_nofollow":false,"robots_noimageindex":false,"robots_noodp":false,"robots_notranslate":false,"robots_max_snippet":null,"robots_max_videopreview":null,"robots_max_imagepreview":"large","priority":null,"frequency":null,"local_seo":null,"breadcrumb_settings":null,"limit_modified_date":false,"ai":null,"created":"2023-07-18 20:11:00","updated":"2026-01-30 15:55:50","seo_analyzer_scan_date":null},"aioseo_breadcrumb":"<div class=\"aioseo-breadcrumbs\"><span class=\"aioseo-breadcrumb\">\n\t\t\t<a href=\"https:\/\/www.cogwriter.com\/news\" title=\"Home\">Home<\/a>\n\t\t<\/span><span class=\"aioseo-breadcrumb-separator\">&raquo;<\/span><span class=\"aioseo-breadcrumb\">\n\t\t\t<a href=\"https:\/\/www.cogwriter.com\/news\/category\/cog-news\/\" title=\"COG News\">COG News<\/a>\n\t\t<\/span><span class=\"aioseo-breadcrumb-separator\">&raquo;<\/span><span class=\"aioseo-breadcrumb\">\n\t\t\theran\u00e7a judaica do Brasil\n\t\t<\/span><\/div>","aioseo_breadcrumb_json":[{"label":"Home","link":"https:\/\/www.cogwriter.com\/news"},{"label":"COG News","link":"https:\/\/www.cogwriter.com\/news\/category\/cog-news\/"},{"label":"heran\u00e7a judaica do Brasil","link":"https:\/\/www.cogwriter.com\/news\/cog-news\/heranca-judaica-do-brasil\/"}],"_links":{"self":[{"href":"https:\/\/www.cogwriter.com\/news\/wp-json\/wp\/v2\/posts\/4633","targetHints":{"allow":["GET"]}}],"collection":[{"href":"https:\/\/www.cogwriter.com\/news\/wp-json\/wp\/v2\/posts"}],"about":[{"href":"https:\/\/www.cogwriter.com\/news\/wp-json\/wp\/v2\/types\/post"}],"author":[{"embeddable":true,"href":"https:\/\/www.cogwriter.com\/news\/wp-json\/wp\/v2\/users\/1"}],"replies":[{"embeddable":true,"href":"https:\/\/www.cogwriter.com\/news\/wp-json\/wp\/v2\/comments?post=4633"}],"version-history":[{"count":3,"href":"https:\/\/www.cogwriter.com\/news\/wp-json\/wp\/v2\/posts\/4633\/revisions"}],"predecessor-version":[{"id":4752,"href":"https:\/\/www.cogwriter.com\/news\/wp-json\/wp\/v2\/posts\/4633\/revisions\/4752"}],"wp:attachment":[{"href":"https:\/\/www.cogwriter.com\/news\/wp-json\/wp\/v2\/media?parent=4633"}],"wp:term":[{"taxonomy":"category","embeddable":true,"href":"https:\/\/www.cogwriter.com\/news\/wp-json\/wp\/v2\/categories?post=4633"},{"taxonomy":"post_tag","embeddable":true,"href":"https:\/\/www.cogwriter.com\/news\/wp-json\/wp\/v2\/tags?post=4633"}],"curies":[{"name":"wp","href":"https:\/\/api.w.org\/{rel}","templated":true}]}}